{"id":3180,"date":"2018-09-13T14:19:50","date_gmt":"2018-09-13T14:19:50","guid":{"rendered":"https:\/\/giuliazappa.net\/in-residence-il-workshop-itinerante-approda-alla-vienna-design-week\/"},"modified":"2018-09-13T14:19:50","modified_gmt":"2018-09-13T14:19:50","slug":"in-residence-il-workshop-itinerante-approda-alla-vienna-design-week","status":"publish","type":"post","link":"https:\/\/giuliazappa.net\/en\/in-residence-il-workshop-itinerante-approda-alla-vienna-design-week\/","title":{"rendered":"IN Residence, il workshop itinerante approda alla Vienna Design Week"},"content":{"rendered":"<p><strong>Dieci borse di studio finanziate da CEDIT \u2013 Ceramiche d\u2019Italia e Gebr\u00fcder Thonet Vienna GmbH favoriscono la partecipazione degli studenti. Dimostrando quanto per le aziende design driven sia strategico scommettere sulla sperimentazione rivoluzionaria delle giovani generazioni.<\/strong><\/p>\n<p>\u00c8 un ritorno in veste internazionale quello della piattaforma IN Residence, il format ideato dieci anni fa dai designer Barbara Brondi e Marco Rain\u00f2 per coniugare l\u2019attivit\u00e0 espositiva e di ricerca con la formazione di giovani talenti. Dopo i tanti workshop, uno all\u2019anno, gi\u00e0 tenutisi tra Torino \u2013 dove IN Residence ha il suo quartier generale \u2012 e Venezia, i curatori approdano per la prima volta all\u2019estero scegliendo uno degli eventi pi\u00f9 prestigiosi del calendario europeo, la Vienna Design Week, quale nuova cornice entro la quale ambientare il loro prossimo laboratorio.<br \/>\nDal 27 al 30 settembre, dunque, venti designer in erba saranno chiamati ad approfondire e sviluppare un progetto hands on attraverso il supporto di (seppur giovani) designer affermati che, in veste di tutor, guideranno i ragazzi all\u2019approfondimento di un tema scelto come campo d\u2019indagine. Il ricco spunto di quest\u2019anno, \u201cIntra-Temporality\u201d, si lega alla capacit\u00e0 delle arti manifatturiere viennesi di coniugare longevit\u00e0 e contemporaneit\u00e0, ma \u00e8 anche un\u2019opportunit\u00e0 per riflettere su un tema complesso quale l\u2019accelerazione del tempo in un momento storicamente complesso quale l\u2019attuale.<br \/>\n\u201cCosa accadrebbe\u201d \u2013 ci dicono Brondi e Rain\u00f2 \u2012 \u201cse potessimo identificare, tra le pieghe del singolo momento \u201ccorrente\u201d, delle sacche di temporalit\u00e0 aggiuntiva? Pu\u00f2 il design thinking elaborare una strategia utile per moltiplicare questi atomi di temporalit\u00e0 ritrovata o creata dal nulla? E in che modo gli oggetti possono fungere da congegni di rilevazione e di sfruttamento di queste sezioni di extra tempo, di \u201cintra-temporalit\u00e0?\u201d.<\/p>\n<p><iframe loading=\"lazy\" width=\"560\" height=\"315\" src=\"https:\/\/www.youtube.com\/embed\/qB-FoyBbNOg\" frameborder=\"0\" allow=\"autoplay; encrypted-media\" allowfullscreen><\/iframe><\/p>\n<p>I PROTAGONISTI<br \/>\nA guidare il gruppo di giovani designer saranno Julien Carretero, designer francese di stanza a Bruxelles, e Zanellato\/Bortotto, studio trevigiano che da tempo si \u00e8 distinto nella scena italiana ed estera per la capacit\u00e0 di coniugare serialit\u00e0 e ricerca di concetto. I due fondatori, Giorgia Zanellato e Daniele Bortotto, raccontano cos\u00ec il fascino di legare un workshop tematico a una citt\u00e0 e a una design week cos\u00ec ricche di fascino: \u201cIl valore di fare un\u2019esperienza del genere a Vienna \u00e8 senz\u2019altro quello di avere intorno una citt\u00e0 cos\u00ec importante. Considerando il nostro modo di lavorare vicino ai luoghi e alle loro storie, cercheremo di sfruttare a pieno la ricchezza culturale e visiva di una delle capitali europee storicamente tra le pi\u00f9 dinamiche e influenti. Il nostro desiderio \u00e8 offrire questo punto di vista ai ragazzi che si relazioneranno con noi e di utilizzarlo per stimolare la discussione e la creativit\u00e0 dei partecipanti\u201d.<br \/>\nA credere nella bont\u00e0 del connubio luogo-giovani-tutor messo in campo da IN Residence sono state anche due importanti realt\u00e0 aziendali, CEDIT \u2013 Ceramiche d\u2019Italia e Gebr\u00fcder Thonet Vienna GmbH, che hanno sostenuto finanziariamente la partecipazione ai workshop attraverso l\u2019erogazione di dieci borse di studio destinate ai partecipanti.<\/p>\n<p>INVESTIRE NELLA FORMAZIONE<br \/>\nCome rileva Rain\u00f2, \u201cnonostante la formula della scholarship sia \u201cantica\u201d, l\u2019idea di investire in \u201cproduzione di conoscenza\u201d e \u201csupporto al talento\u201d in questo momento storico ha un valore particolarmente importante. Consideriamo l\u2019interesse e il contributo di due aziende design driven cos\u00ec importanti \u2013 e dalla storia tanto gloriosa \u2013 come un dato davvero significativo, anche in considerazione della ricerca altamente sperimentale che IN Residence, da sempre, propone. E la disciplina design, per antonomasia, ha possibilit\u00e0 di sviluppare comunioni tra soggetti e prassi di cooperazione davvero rivoluzionarie, efficaci, di concreto contenuto e generale utilit\u00e0\u201d.<br \/>\nDopo Vienna, altre missioni e workshop \u201citineranti\u201d di IN Residence sono gi\u00e0 in cantiere in altre citt\u00e0 europee, per continuare a esplorare la rilevanza di specifici genius loci, rileggendone sensibilit\u00e0 e potenziale applicativo alla luce delle idee che danno forma al presente.<\/p>\n<p><em>Pubblicato su <a href=\"https:\/\/www.artribune.com\/progettazione\/design\/2018\/09\/in-residence-workshop-vienna\/\">Artribune.co<\/a>m il 13 settembre<\/em><\/p>\n","protected":false},"excerpt":{"rendered":"<p>Dieci borse di studio finanziate da CEDIT \u2013 Ceramiche d\u2019Italia e Gebr\u00fcder Thonet Vienna GmbH favoriscono la partecipazione degli studenti. Dimostrando quanto per le aziende design driven sia strategico scommettere sulla sperimentazione rivoluzionaria delle giovani generazioni. \u00c8 un ritorno in veste internazionale quello della piattaforma IN Residence, il format ideato dieci anni fa dai designer &hellip; <\/p>\n<p class=\"link-more\"><a href=\"https:\/\/giuliazappa.net\/en\/in-residence-il-workshop-itinerante-approda-alla-vienna-design-week\/\" class=\"more-link\">Read more<span class=\"screen-reader-text\"> &#8220;IN Residence, il workshop itinerante approda alla Vienna Design Week&#8221;<\/span><\/a><\/p>\n","protected":false},"author":2,"featured_media":2663,"comment_status":"open","ping_status":"closed","sticky":false,"template":"","format":"standard","meta":{"_acf_changed":false,"_seopress_robots_primary_cat":"","_seopress_titles_title":"","_seopress_titles_desc":"","_seopress_robots_index":"","_themeisle_gutenberg_block_has_review":false,"footnotes":""},"categories":[280],"tags":[],"class_list":["post-3180","post","type-post","status-publish","format-standard","has-post-thumbnail","hentry","category-news-en"],"acf":[],"_links":{"self":[{"href":"https:\/\/giuliazappa.net\/en\/wp-json\/wp\/v2\/posts\/3180","targetHints":{"allow":["GET"]}}],"collection":[{"href":"https:\/\/giuliazappa.net\/en\/wp-json\/wp\/v2\/posts"}],"about":[{"href":"https:\/\/giuliazappa.net\/en\/wp-json\/wp\/v2\/types\/post"}],"author":[{"embeddable":true,"href":"https:\/\/giuliazappa.net\/en\/wp-json\/wp\/v2\/users\/2"}],"replies":[{"embeddable":true,"href":"https:\/\/giuliazappa.net\/en\/wp-json\/wp\/v2\/comments?post=3180"}],"version-history":[{"count":0,"href":"https:\/\/giuliazappa.net\/en\/wp-json\/wp\/v2\/posts\/3180\/revisions"}],"wp:featuredmedia":[{"embeddable":true,"href":"https:\/\/giuliazappa.net\/en\/wp-json\/wp\/v2\/media\/2663"}],"wp:attachment":[{"href":"https:\/\/giuliazappa.net\/en\/wp-json\/wp\/v2\/media?parent=3180"}],"wp:term":[{"taxonomy":"category","embeddable":true,"href":"https:\/\/giuliazappa.net\/en\/wp-json\/wp\/v2\/categories?post=3180"},{"taxonomy":"post_tag","embeddable":true,"href":"https:\/\/giuliazappa.net\/en\/wp-json\/wp\/v2\/tags?post=3180"}],"curies":[{"name":"wp","href":"https:\/\/api.w.org\/{rel}","templated":true}]}}